{"@context":"https:\/\/schema.org\/","@type":"CollectionPage","@id":"https:\/\/www.gillar.cz\/domov\/#CollectionPage","headline":"Domov Category","description":"","url":"https:\/\/www.gillar.cz\/domov\/","hasPart":[{"@type":"Article","@id":"https:\/\/www.gillar.cz\/vykradeny-byt-a-nedozirne-nasledky\/","headline":"Vykraden\u00fd byt a nedoz\u00edrn\u00e9 n\u00e1sledky!","url":"https:\/\/www.gillar.cz\/vykradeny-byt-a-nedozirne-nasledky\/","datePublished":"2020-10-07","dateModified":"2023-05-22","mainEntityOfPage":"https:\/\/www.gillar.cz\/vykradeny-byt-a-nedozirne-nasledky\/","author":{"@type":"Person","@id":"https:\/\/www.gillar.cz\/author\/#Person","name":"","url":"https:\/\/www.gillar.cz\/author\/","identifier":1,"image":{"@type":"ImageObject","@id":"https:\/\/secure.gravatar.com\/avatar\/55e7fbc61e9322b6822dac9bb7a03f27da3135fab89e5bb0463eeaffc32ea652?s=96&d=mm&r=g","url":"https:\/\/secure.gravatar.com\/avatar\/55e7fbc61e9322b6822dac9bb7a03f27da3135fab89e5bb0463eeaffc32ea652?s=96&d=mm&r=g","height":96,"width":96}},"publisher":{"@type":"Organization","name":"gillar.cz","logo":{"@type":"ImageObject","@id":"\/logo.png","url":"\/logo.png","width":600,"height":60}},"image":{"@type":"ImageObject","@id":"https:\/\/www.gillar.cz\/wp-content\/uploads\/img_a336959_w2181_t1550261249.jpg","url":"https:\/\/www.gillar.cz\/wp-content\/uploads\/img_a336959_w2181_t1550261249.jpg","height":0,"width":0},"keywords":null},{"@type":"Article","@id":"https:\/\/www.gillar.cz\/vanocni-kaktus-muze-byt-pusobivou-bytovou-dekoraci\/","headline":"V\u00e1no\u010dn\u00ed kaktus m\u016f\u017ee b\u00fdt p\u016fsobivou bytovou dekorac\u00ed","url":"https:\/\/www.gillar.cz\/vanocni-kaktus-muze-byt-pusobivou-bytovou-dekoraci\/","datePublished":"2020-09-06","dateModified":"2023-05-19","mainEntityOfPage":"https:\/\/www.gillar.cz\/vanocni-kaktus-muze-byt-pusobivou-bytovou-dekoraci\/","author":{"@type":"Person","@id":"https:\/\/www.gillar.cz\/author\/#Person","name":"","url":"https:\/\/www.gillar.cz\/author\/","identifier":1,"image":{"@type":"ImageObject","@id":"https:\/\/secure.gravatar.com\/avatar\/55e7fbc61e9322b6822dac9bb7a03f27da3135fab89e5bb0463eeaffc32ea652?s=96&d=mm&r=g","url":"https:\/\/secure.gravatar.com\/avatar\/55e7fbc61e9322b6822dac9bb7a03f27da3135fab89e5bb0463eeaffc32ea652?s=96&d=mm&r=g","height":96,"width":96}},"publisher":{"@type":"Organization","name":"gillar.cz","logo":{"@type":"ImageObject","@id":"\/logo.png","url":"\/logo.png","width":600,"height":60}},"image":{"@type":"ImageObject","@id":"https:\/\/www.gillar.cz\/wp-content\/uploads\/img_a307641_w2408_t1518900844.jpg","url":"https:\/\/www.gillar.cz\/wp-content\/uploads\/img_a307641_w2408_t1518900844.jpg","height":0,"width":0},"keywords":null},{"@type":"Article","@id":"https:\/\/www.gillar.cz\/jake-je-bydleni-v-drevenem-mobilnim-dome\/","headline":"Jak\u00e9 je bydlen\u00ed v d\u0159ev\u011bn\u00e9m mobiln\u00edm dom\u011b","url":"https:\/\/www.gillar.cz\/jake-je-bydleni-v-drevenem-mobilnim-dome\/","datePublished":"2020-08-10","dateModified":"2023-05-22","mainEntityOfPage":"https:\/\/www.gillar.cz\/jake-je-bydleni-v-drevenem-mobilnim-dome\/","author":{"@type":"Person","@id":"https:\/\/www.gillar.cz\/author\/#Person","name":"","url":"https:\/\/www.gillar.cz\/author\/","identifier":1,"image":{"@type":"ImageObject","@id":"https:\/\/secure.gravatar.com\/avatar\/55e7fbc61e9322b6822dac9bb7a03f27da3135fab89e5bb0463eeaffc32ea652?s=96&d=mm&r=g","url":"https:\/\/secure.gravatar.com\/avatar\/55e7fbc61e9322b6822dac9bb7a03f27da3135fab89e5bb0463eeaffc32ea652?s=96&d=mm&r=g","height":96,"width":96}},"publisher":{"@type":"Organization","name":"gillar.cz","logo":{"@type":"ImageObject","@id":"\/logo.png","url":"\/logo.png","width":600,"height":60}},"image":{"@type":"ImageObject","@id":"https:\/\/www.gillar.cz\/wp-content\/uploads\/mobiln%C3%AD%20d%C5%AFm%20u%20lesa.jpg","url":"https:\/\/www.gillar.cz\/wp-content\/uploads\/mobiln%C3%AD%20d%C5%AFm%20u%20lesa.jpg","height":0,"width":0},"keywords":null},{"@type":"Article","@id":"https:\/\/www.gillar.cz\/domov-mimo-sit\/","headline":"Domov mimo s\u00ed\u0165","url":"https:\/\/www.gillar.cz\/domov-mimo-sit\/","datePublished":"2019-09-06","dateModified":"2023-05-22","mainEntityOfPage":"https:\/\/www.gillar.cz\/domov-mimo-sit\/","author":{"@type":"Person","@id":"https:\/\/www.gillar.cz\/author\/#Person","name":"","url":"https:\/\/www.gillar.cz\/author\/","identifier":1,"image":{"@type":"ImageObject","@id":"https:\/\/secure.gravatar.com\/avatar\/55e7fbc61e9322b6822dac9bb7a03f27da3135fab89e5bb0463eeaffc32ea652?s=96&d=mm&r=g","url":"https:\/\/secure.gravatar.com\/avatar\/55e7fbc61e9322b6822dac9bb7a03f27da3135fab89e5bb0463eeaffc32ea652?s=96&d=mm&r=g","height":96,"width":96}},"publisher":{"@type":"Organization","name":"gillar.cz","logo":{"@type":"ImageObject","@id":"\/logo.png","url":"\/logo.png","width":600,"height":60}},"image":{"@type":"ImageObject","@id":"https:\/\/www.gillar.cz\/wp-content\/uploads\/img_a355151_w3172_t1569571822.jpg","url":"https:\/\/www.gillar.cz\/wp-content\/uploads\/img_a355151_w3172_t1569571822.jpg","height":0,"width":0},"keywords":null}]}