{"@context":"https:\/\/schema.org\/","@type":"CollectionPage","@id":"https:\/\/www.gillar.cz\/sluzby\/#CollectionPage","headline":"Slu\u017eby Category","description":"","url":"https:\/\/www.gillar.cz\/sluzby\/","hasPart":[{"@type":"Article","@id":"https:\/\/www.gillar.cz\/sul-v-bazenu\/","headline":"S\u016fl v baz\u00e9nu","url":"https:\/\/www.gillar.cz\/sul-v-bazenu\/","datePublished":"2022-10-09","dateModified":"2022-10-09","mainEntityOfPage":"https:\/\/www.gillar.cz\/sul-v-bazenu\/","author":{"@type":"Person","@id":"https:\/\/www.gillar.cz\/author\/#Person","name":"","url":"https:\/\/www.gillar.cz\/author\/","identifier":1,"image":{"@type":"ImageObject","@id":"https:\/\/secure.gravatar.com\/avatar\/55e7fbc61e9322b6822dac9bb7a03f27da3135fab89e5bb0463eeaffc32ea652?s=96&d=mm&r=g","url":"https:\/\/secure.gravatar.com\/avatar\/55e7fbc61e9322b6822dac9bb7a03f27da3135fab89e5bb0463eeaffc32ea652?s=96&d=mm&r=g","height":96,"width":96}},"publisher":{"@type":"Organization","name":"gillar.cz","logo":{"@type":"ImageObject","@id":"\/logo.png","url":"\/logo.png","width":600,"height":60}},"image":{"@type":"ImageObject","@id":"https:\/\/www.gillar.cz\/wp-content\/uploads\/salt-harvesting-3060093_960_720.jpg","url":"https:\/\/www.gillar.cz\/wp-content\/uploads\/salt-harvesting-3060093_960_720.jpg","height":0,"width":0},"keywords":null},{"@type":"Article","@id":"https:\/\/www.gillar.cz\/kdyz-vas-koberec-pripomina-tyden-nosene-ponozky-nebo-zlukly-olej\/","headline":"Kdy\u017e v\u00e1\u0161 koberec p\u0159ipom\u00edn\u00e1 t\u00fdden no\u0161en\u00e9 pono\u017eky nebo \u017elukl\u00fd olej","url":"https:\/\/www.gillar.cz\/kdyz-vas-koberec-pripomina-tyden-nosene-ponozky-nebo-zlukly-olej\/","datePublished":"2022-06-30","dateModified":"2023-05-22","mainEntityOfPage":"https:\/\/www.gillar.cz\/kdyz-vas-koberec-pripomina-tyden-nosene-ponozky-nebo-zlukly-olej\/","author":{"@type":"Person","@id":"https:\/\/www.gillar.cz\/author\/#Person","name":"","url":"https:\/\/www.gillar.cz\/author\/","identifier":1,"image":{"@type":"ImageObject","@id":"https:\/\/secure.gravatar.com\/avatar\/55e7fbc61e9322b6822dac9bb7a03f27da3135fab89e5bb0463eeaffc32ea652?s=96&d=mm&r=g","url":"https:\/\/secure.gravatar.com\/avatar\/55e7fbc61e9322b6822dac9bb7a03f27da3135fab89e5bb0463eeaffc32ea652?s=96&d=mm&r=g","height":96,"width":96}},"publisher":{"@type":"Organization","name":"gillar.cz","logo":{"@type":"ImageObject","@id":"\/logo.png","url":"\/logo.png","width":600,"height":60}},"image":{"@type":"ImageObject","@id":"https:\/\/www.gillar.cz\/wp-content\/uploads\/pexels-thirdman-8053896.jpg","url":"https:\/\/www.gillar.cz\/wp-content\/uploads\/pexels-thirdman-8053896.jpg","height":0,"width":0},"keywords":null},{"@type":"Article","@id":"https:\/\/www.gillar.cz\/proc-chodit-na-beleni-zubu\/","headline":"Pro\u010d chodit na b\u011blen\u00ed zub\u016f","url":"https:\/\/www.gillar.cz\/proc-chodit-na-beleni-zubu\/","datePublished":"2022-06-19","dateModified":"2023-12-20","mainEntityOfPage":"https:\/\/www.gillar.cz\/proc-chodit-na-beleni-zubu\/","author":{"@type":"Person","@id":"https:\/\/www.gillar.cz\/author\/#Person","name":"","url":"https:\/\/www.gillar.cz\/author\/","identifier":1,"image":{"@type":"ImageObject","@id":"https:\/\/secure.gravatar.com\/avatar\/55e7fbc61e9322b6822dac9bb7a03f27da3135fab89e5bb0463eeaffc32ea652?s=96&d=mm&r=g","url":"https:\/\/secure.gravatar.com\/avatar\/55e7fbc61e9322b6822dac9bb7a03f27da3135fab89e5bb0463eeaffc32ea652?s=96&d=mm&r=g","height":96,"width":96}},"publisher":{"@type":"Organization","name":"gillar.cz","logo":{"@type":"ImageObject","@id":"\/logo.png","url":"\/logo.png","width":600,"height":60}},"image":{"@type":"ImageObject","@id":"https:\/\/www.gillar.cz\/wp-content\/uploads\/pexels-shiny-diamond-3762453%20(1).jpg","url":"https:\/\/www.gillar.cz\/wp-content\/uploads\/pexels-shiny-diamond-3762453%20(1).jpg","height":0,"width":0},"keywords":null},{"@type":"Article","@id":"https:\/\/www.gillar.cz\/vlhkost-v-koupelne\/","headline":"Vlhkost v koupeln\u011b","url":"https:\/\/www.gillar.cz\/vlhkost-v-koupelne\/","datePublished":"2022-03-28","dateModified":"2023-05-22","mainEntityOfPage":"https:\/\/www.gillar.cz\/vlhkost-v-koupelne\/","author":{"@type":"Person","@id":"https:\/\/www.gillar.cz\/author\/#Person","name":"","url":"https:\/\/www.gillar.cz\/author\/","identifier":1,"image":{"@type":"ImageObject","@id":"https:\/\/secure.gravatar.com\/avatar\/55e7fbc61e9322b6822dac9bb7a03f27da3135fab89e5bb0463eeaffc32ea652?s=96&d=mm&r=g","url":"https:\/\/secure.gravatar.com\/avatar\/55e7fbc61e9322b6822dac9bb7a03f27da3135fab89e5bb0463eeaffc32ea652?s=96&d=mm&r=g","height":96,"width":96}},"publisher":{"@type":"Organization","name":"gillar.cz","logo":{"@type":"ImageObject","@id":"\/logo.png","url":"\/logo.png","width":600,"height":60}},"image":{"@type":"ImageObject","@id":"https:\/\/www.gillar.cz\/wp-content\/uploads\/013_1.jpg","url":"https:\/\/www.gillar.cz\/wp-content\/uploads\/013_1.jpg","height":0,"width":0},"keywords":null},{"@type":"Article","@id":"https:\/\/www.gillar.cz\/vyjedte-si-s-detmi-na-lyzovacku\/","headline":"Vyje\u010fte si s d\u011btmi na ly\u017eova\u010dku&#8220;","url":"https:\/\/www.gillar.cz\/vyjedte-si-s-detmi-na-lyzovacku\/","datePublished":"2022-02-09","dateModified":"2023-05-22","mainEntityOfPage":"https:\/\/www.gillar.cz\/vyjedte-si-s-detmi-na-lyzovacku\/","author":{"@type":"Person","@id":"https:\/\/www.gillar.cz\/author\/#Person","name":"","url":"https:\/\/www.gillar.cz\/author\/","identifier":1,"image":{"@type":"ImageObject","@id":"https:\/\/secure.gravatar.com\/avatar\/55e7fbc61e9322b6822dac9bb7a03f27da3135fab89e5bb0463eeaffc32ea652?s=96&d=mm&r=g","url":"https:\/\/secure.gravatar.com\/avatar\/55e7fbc61e9322b6822dac9bb7a03f27da3135fab89e5bb0463eeaffc32ea652?s=96&d=mm&r=g","height":96,"width":96}},"publisher":{"@type":"Organization","name":"gillar.cz","logo":{"@type":"ImageObject","@id":"\/logo.png","url":"\/logo.png","width":600,"height":60}},"image":{"@type":"ImageObject","@id":"https:\/\/www.gillar.cz\/wp-content\/uploads\/Doln%C3%AD%20Morava%20mamutak_1.png","url":"https:\/\/www.gillar.cz\/wp-content\/uploads\/Doln%C3%AD%20Morava%20mamutak_1.png","height":0,"width":0},"keywords":null},{"@type":"Article","@id":"https:\/\/www.gillar.cz\/na-jake-odskodneni-mate-pravo-po-autonehode\/","headline":"Na jak\u00e9 od\u0161kodn\u011bn\u00ed m\u00e1te pr\u00e1vo po autonehod\u011b?","url":"https:\/\/www.gillar.cz\/na-jake-odskodneni-mate-pravo-po-autonehode\/","datePublished":"2021-03-19","dateModified":"2023-09-18","mainEntityOfPage":"https:\/\/www.gillar.cz\/na-jake-odskodneni-mate-pravo-po-autonehode\/","author":{"@type":"Person","@id":"https:\/\/www.gillar.cz\/author\/#Person","name":"","url":"https:\/\/www.gillar.cz\/author\/","identifier":1,"image":{"@type":"ImageObject","@id":"https:\/\/secure.gravatar.com\/avatar\/55e7fbc61e9322b6822dac9bb7a03f27da3135fab89e5bb0463eeaffc32ea652?s=96&d=mm&r=g","url":"https:\/\/secure.gravatar.com\/avatar\/55e7fbc61e9322b6822dac9bb7a03f27da3135fab89e5bb0463eeaffc32ea652?s=96&d=mm&r=g","height":96,"width":96}},"publisher":{"@type":"Organization","name":"gillar.cz","logo":{"@type":"ImageObject","@id":"\/logo.png","url":"\/logo.png","width":600,"height":60}},"image":{"@type":"ImageObject","@id":"https:\/\/www.gillar.cz\/wp-content\/uploads\/spravedlnost%20v%C3%A1hy.png","url":"https:\/\/www.gillar.cz\/wp-content\/uploads\/spravedlnost%20v%C3%A1hy.png","height":0,"width":0},"keywords":null},{"@type":"Article","@id":"https:\/\/www.gillar.cz\/stehovani-v-praze-nemusi-byt-jen-ve-dne\/","headline":"St\u011bhov\u00e1n\u00ed v Praze nemus\u00ed b\u00fdt jen ve dne","url":"https:\/\/www.gillar.cz\/stehovani-v-praze-nemusi-byt-jen-ve-dne\/","datePublished":"2021-02-16","dateModified":"2021-02-16","mainEntityOfPage":"https:\/\/www.gillar.cz\/stehovani-v-praze-nemusi-byt-jen-ve-dne\/","author":{"@type":"Person","@id":"https:\/\/www.gillar.cz\/author\/#Person","name":"","url":"https:\/\/www.gillar.cz\/author\/","identifier":1,"image":{"@type":"ImageObject","@id":"https:\/\/secure.gravatar.com\/avatar\/55e7fbc61e9322b6822dac9bb7a03f27da3135fab89e5bb0463eeaffc32ea652?s=96&d=mm&r=g","url":"https:\/\/secure.gravatar.com\/avatar\/55e7fbc61e9322b6822dac9bb7a03f27da3135fab89e5bb0463eeaffc32ea652?s=96&d=mm&r=g","height":96,"width":96}},"publisher":{"@type":"Organization","name":"gillar.cz","logo":{"@type":"ImageObject","@id":"\/logo.png","url":"\/logo.png","width":600,"height":60}},"image":{"@type":"ImageObject","@id":"https:\/\/www.gillar.cz\/wp-content\/uploads\/ko%C4%8Dka%20v%20krabici_8.jpg","url":"https:\/\/www.gillar.cz\/wp-content\/uploads\/ko%C4%8Dka%20v%20krabici_8.jpg","height":0,"width":0},"keywords":null},{"@type":"Article","@id":"https:\/\/www.gillar.cz\/dodavka-se-hodi\/","headline":"Dod\u00e1vka se hod\u00ed","url":"https:\/\/www.gillar.cz\/dodavka-se-hodi\/","datePublished":"2021-01-18","dateModified":"2023-09-13","mainEntityOfPage":"https:\/\/www.gillar.cz\/dodavka-se-hodi\/","author":{"@type":"Person","@id":"https:\/\/www.gillar.cz\/author\/#Person","name":"","url":"https:\/\/www.gillar.cz\/author\/","identifier":1,"image":{"@type":"ImageObject","@id":"https:\/\/secure.gravatar.com\/avatar\/55e7fbc61e9322b6822dac9bb7a03f27da3135fab89e5bb0463eeaffc32ea652?s=96&d=mm&r=g","url":"https:\/\/secure.gravatar.com\/avatar\/55e7fbc61e9322b6822dac9bb7a03f27da3135fab89e5bb0463eeaffc32ea652?s=96&d=mm&r=g","height":96,"width":96}},"publisher":{"@type":"Organization","name":"gillar.cz","logo":{"@type":"ImageObject","@id":"\/logo.png","url":"\/logo.png","width":600,"height":60}},"image":{"@type":"ImageObject","@id":"https:\/\/www.gillar.cz\/wp-content\/uploads\/dod%C3%A1vka%20hippies.png","url":"https:\/\/www.gillar.cz\/wp-content\/uploads\/dod%C3%A1vka%20hippies.png","height":0,"width":0},"keywords":null},{"@type":"Article","@id":"https:\/\/www.gillar.cz\/cov-nebo-studna-zakra-je-tu-pro-vas\/","headline":"\u010cOV nebo studna, ZAKRA je tu pro v\u00e1s","url":"https:\/\/www.gillar.cz\/cov-nebo-studna-zakra-je-tu-pro-vas\/","datePublished":"2021-01-17","dateModified":"2023-08-17","mainEntityOfPage":"https:\/\/www.gillar.cz\/cov-nebo-studna-zakra-je-tu-pro-vas\/","author":{"@type":"Person","@id":"https:\/\/www.gillar.cz\/author\/#Person","name":"","url":"https:\/\/www.gillar.cz\/author\/","identifier":1,"image":{"@type":"ImageObject","@id":"https:\/\/secure.gravatar.com\/avatar\/55e7fbc61e9322b6822dac9bb7a03f27da3135fab89e5bb0463eeaffc32ea652?s=96&d=mm&r=g","url":"https:\/\/secure.gravatar.com\/avatar\/55e7fbc61e9322b6822dac9bb7a03f27da3135fab89e5bb0463eeaffc32ea652?s=96&d=mm&r=g","height":96,"width":96}},"publisher":{"@type":"Organization","name":"gillar.cz","logo":{"@type":"ImageObject","@id":"\/logo.png","url":"\/logo.png","width":600,"height":60}},"image":{"@type":"ImageObject","@id":"https:\/\/www.gillar.cz\/wp-content\/uploads\/projektova_Dokumentace_IpFyA4.png","url":"https:\/\/www.gillar.cz\/wp-content\/uploads\/projektova_Dokumentace_IpFyA4.png","height":0,"width":0},"keywords":null},{"@type":"Article","@id":"https:\/\/www.gillar.cz\/jaka-pravidla-ma-unikova-hra\/","headline":"Jak\u00e1 pravidla m\u00e1 \u00fanikov\u00e1 hra","url":"https:\/\/www.gillar.cz\/jaka-pravidla-ma-unikova-hra\/","datePublished":"2021-01-16","dateModified":"2023-05-22","mainEntityOfPage":"https:\/\/www.gillar.cz\/jaka-pravidla-ma-unikova-hra\/","author":{"@type":"Person","@id":"https:\/\/www.gillar.cz\/author\/#Person","name":"","url":"https:\/\/www.gillar.cz\/author\/","identifier":1,"image":{"@type":"ImageObject","@id":"https:\/\/secure.gravatar.com\/avatar\/55e7fbc61e9322b6822dac9bb7a03f27da3135fab89e5bb0463eeaffc32ea652?s=96&d=mm&r=g","url":"https:\/\/secure.gravatar.com\/avatar\/55e7fbc61e9322b6822dac9bb7a03f27da3135fab89e5bb0463eeaffc32ea652?s=96&d=mm&r=g","height":96,"width":96}},"publisher":{"@type":"Organization","name":"gillar.cz","logo":{"@type":"ImageObject","@id":"\/logo.png","url":"\/logo.png","width":600,"height":60}},"image":{"@type":"ImageObject","@id":"https:\/\/www.gillar.cz\/wp-content\/uploads\/unikovka1_2.jpg","url":"https:\/\/www.gillar.cz\/wp-content\/uploads\/unikovka1_2.jpg","height":0,"width":0},"keywords":null}]}